{"id":1015,"date":"2025-09-20T20:26:02","date_gmt":"2025-09-20T18:26:02","guid":{"rendered":"https:\/\/parrocchiadicermenate.it\/?p=1015"},"modified":"2025-09-20T20:26:02","modified_gmt":"2025-09-20T18:26:02","slug":"adorazione-eucaristica-notturna","status":"publish","type":"post","link":"https:\/\/parrocchiadicermenate.it\/?p=1015","title":{"rendered":"Adorazione Eucaristica notturna"},"content":{"rendered":"\n<p>Sabato 27, dalle 21:00 nella chiesa dei Santi Vito e Modesto, possibilit\u00e0 di stare ad adorare il Signore eucaristico lungo tutta la notte. Terminer\u00e0 alle 7:00 con le Lodi mattutine e la benedizione eucaristica. La prima parte dell&#8217;adorazione sar\u00e0 animata dai giovani dell&#8217;Oratorio e lungo la notte alcuni momenti di preghiera coi ministri straordinari dell&#8217;Eucaristia.<\/p>\n\n\n\n<div class=\"wp-block-file\"><a id=\"wp-block-file--media-08fc98f8-c16c-4f3f-9fd5-a3ff6c41ad59\" href=\"https:\/\/parrocchiadicermenate.it\/wp-content\/uploads\/2025\/09\/LocandinaAdorazionePNG.png\">LocandinaAdorazionePNG<\/a><a href=\"https:\/\/parrocchiadicermenate.it\/wp-content\/uploads\/2025\/09\/LocandinaAdorazionePNG.png\" class=\"wp-block-file__button wp-element-button\" download aria-describedby=\"wp-block-file--media-08fc98f8-c16c-4f3f-9fd5-a3ff6c41ad59\">Download<\/a><\/div>\n","protected":false},"excerpt":{"rendered":"<p>Sabato 27, dalle 21:00 nella chiesa dei Santi Vito e Modesto, possibilit\u00e0 di stare ad adorare il Signore eucaristico lungo tutta la notte. Terminer\u00e0 alle 7:00 con le Lodi mattutine e la benedizione eucaristica. La prima parte dell&#8217;adorazione sar\u00e0 animata dai giovani dell&#8217;Oratorio e lungo la notte alcuni momenti di preghiera coi ministri straordinari dell&#8217;Eucaristia.<\/p>\n","protected":false},"author":2,"featured_media":1016,"comment_status":"open","ping_status":"open","sticky":false,"template":"","format":"standard","meta":{"footnotes":""},"categories":[29,28,7,22,26],"tags":[33,35,20,34],"class_list":["post-1015","post","type-post","status-publish","format-standard","has-post-thumbnail","hentry","category-comunita","category-cori","category-dall-oratorio","category-eventi-parrocchiali","category-gruppi","tag-eventi-parrocchiali","tag-orari-celebrazioni","tag-parrocchia-cermenate","tag-vita-doratorio"],"_links":{"self":[{"href":"https:\/\/parrocchiadicermenate.it\/index.php?rest_route=\/wp\/v2\/posts\/1015","targetHints":{"allow":["GET"]}}],"collection":[{"href":"https:\/\/parrocchiadicermenate.it\/index.php?rest_route=\/wp\/v2\/posts"}],"about":[{"href":"https:\/\/parrocchiadicermenate.it\/index.php?rest_route=\/wp\/v2\/types\/post"}],"author":[{"embeddable":true,"href":"https:\/\/parrocchiadicermenate.it\/index.php?rest_route=\/wp\/v2\/users\/2"}],"replies":[{"embeddable":true,"href":"https:\/\/parrocchiadicermenate.it\/index.php?rest_route=%2Fwp%2Fv2%2Fcomments&post=1015"}],"version-history":[{"count":1,"href":"https:\/\/parrocchiadicermenate.it\/index.php?rest_route=\/wp\/v2\/posts\/1015\/revisions"}],"predecessor-version":[{"id":1017,"href":"https:\/\/parrocchiadicermenate.it\/index.php?rest_route=\/wp\/v2\/posts\/1015\/revisions\/1017"}],"wp:featuredmedia":[{"embeddable":true,"href":"https:\/\/parrocchiadicermenate.it\/index.php?rest_route=\/wp\/v2\/media\/1016"}],"wp:attachment":[{"href":"https:\/\/parrocchiadicermenate.it\/index.php?rest_route=%2Fwp%2Fv2%2Fmedia&parent=1015"}],"wp:term":[{"taxonomy":"category","embeddable":true,"href":"https:\/\/parrocchiadicermenate.it\/index.php?rest_route=%2Fwp%2Fv2%2Fcategories&post=1015"},{"taxonomy":"post_tag","embeddable":true,"href":"https:\/\/parrocchiadicermenate.it\/index.php?rest_route=%2Fwp%2Fv2%2Ftags&post=1015"}],"curies":[{"name":"wp","href":"https:\/\/api.w.org\/{rel}","templated":true}]}}