{"id":1299,"date":"2026-02-09T16:40:22","date_gmt":"2026-02-09T15:40:22","guid":{"rendered":"https:\/\/parrocchiadicermenate.it\/?p=1299"},"modified":"2026-02-09T16:40:22","modified_gmt":"2026-02-09T15:40:22","slug":"adorazione-eucaristica-notturna-2","status":"publish","type":"post","link":"https:\/\/parrocchiadicermenate.it\/?p=1299","title":{"rendered":"Adorazione eucaristica notturna"},"content":{"rendered":"\n<p>Una nuova occasione di tempo per pregare davanti al Cristo eucaristico. Puoi venire solo per pochi minuti o puoi restare a vegliare tutta la notte fino alle Lodi mattutine. La prima parte dell&#8217;adorazione sar\u00e0 &#8220;comunitaria&#8221;, e poi seguir\u00e0 la preghiera individuale, intervallata pi\u00f9 o meno ad ogni ora da un momento comune. In chiesa a San Vito sabato 21 febbraio. Se vuoi scarichi la locandina come pro-memoria.<\/p>\n\n\n\n<div class=\"wp-block-file\"><a id=\"wp-block-file--media-577c4e1a-dbbc-4222-961f-84906b727fec\" href=\"https:\/\/parrocchiadicermenate.it\/wp-content\/uploads\/2026\/02\/adorazione-febbraio-scaled.png\">adorazione febbraio<\/a><a href=\"https:\/\/parrocchiadicermenate.it\/wp-content\/uploads\/2026\/02\/adorazione-febbraio-scaled.png\" class=\"wp-block-file__button wp-element-button\" download aria-describedby=\"wp-block-file--media-577c4e1a-dbbc-4222-961f-84906b727fec\">Download<\/a><\/div>\n","protected":false},"excerpt":{"rendered":"<p>Una nuova occasione di tempo per pregare davanti al Cristo eucaristico. Puoi venire solo per pochi minuti o puoi restare a vegliare tutta la notte fino alle Lodi mattutine. La prima parte dell&#8217;adorazione sar\u00e0 &#8220;comunitaria&#8221;, e poi seguir\u00e0 la preghiera individuale, intervallata pi\u00f9 o meno ad ogni ora da un momento comune. In chiesa a [&hellip;]<\/p>\n","protected":false},"author":2,"featured_media":1301,"comment_status":"open","ping_status":"open","sticky":false,"template":"","format":"standard","meta":{"footnotes":""},"categories":[29,22],"tags":[33,35,20],"class_list":["post-1299","post","type-post","status-publish","format-standard","has-post-thumbnail","hentry","category-comunita","category-eventi-parrocchiali","tag-eventi-parrocchiali","tag-orari-celebrazioni","tag-parrocchia-cermenate"],"_links":{"self":[{"href":"https:\/\/parrocchiadicermenate.it\/index.php?rest_route=\/wp\/v2\/posts\/1299","targetHints":{"allow":["GET"]}}],"collection":[{"href":"https:\/\/parrocchiadicermenate.it\/index.php?rest_route=\/wp\/v2\/posts"}],"about":[{"href":"https:\/\/parrocchiadicermenate.it\/index.php?rest_route=\/wp\/v2\/types\/post"}],"author":[{"embeddable":true,"href":"https:\/\/parrocchiadicermenate.it\/index.php?rest_route=\/wp\/v2\/users\/2"}],"replies":[{"embeddable":true,"href":"https:\/\/parrocchiadicermenate.it\/index.php?rest_route=%2Fwp%2Fv2%2Fcomments&post=1299"}],"version-history":[{"count":1,"href":"https:\/\/parrocchiadicermenate.it\/index.php?rest_route=\/wp\/v2\/posts\/1299\/revisions"}],"predecessor-version":[{"id":1302,"href":"https:\/\/parrocchiadicermenate.it\/index.php?rest_route=\/wp\/v2\/posts\/1299\/revisions\/1302"}],"wp:featuredmedia":[{"embeddable":true,"href":"https:\/\/parrocchiadicermenate.it\/index.php?rest_route=\/wp\/v2\/media\/1301"}],"wp:attachment":[{"href":"https:\/\/parrocchiadicermenate.it\/index.php?rest_route=%2Fwp%2Fv2%2Fmedia&parent=1299"}],"wp:term":[{"taxonomy":"category","embeddable":true,"href":"https:\/\/parrocchiadicermenate.it\/index.php?rest_route=%2Fwp%2Fv2%2Fcategories&post=1299"},{"taxonomy":"post_tag","embeddable":true,"href":"https:\/\/parrocchiadicermenate.it\/index.php?rest_route=%2Fwp%2Fv2%2Ftags&post=1299"}],"curies":[{"name":"wp","href":"https:\/\/api.w.org\/{rel}","templated":true}]}}