{"id":1358,"date":"2026-03-15T00:30:37","date_gmt":"2026-03-14T23:30:37","guid":{"rendered":"https:\/\/parrocchiadicermenate.it\/?p=1358"},"modified":"2026-03-15T00:30:37","modified_gmt":"2026-03-14T23:30:37","slug":"linformatore-del-15-marzo-2026","status":"publish","type":"post","link":"https:\/\/parrocchiadicermenate.it\/?p=1358","title":{"rendered":"L&#8217;Informatore del 15 marzo 2026"},"content":{"rendered":"\n<p>Credere o non credere in Dio? Ma non in un dio vago e generico, informe e astratto, ma nel Dio Padre di Ges\u00f9 Cristo. Perch\u00e9, se ci riflettiamo bene, \u00e8 pi\u00f9 facile credere di credere che credere veramente nella Trinit\u00e0 Misericordia infinita&#8230; Per questo abbiamo bisogno di Ges\u00f9 che con lo Spirito della verit\u00e0 ci apra gli occhi alla conoscenza della verit\u00e0 tutta intera, cio\u00e8 dell&#8217;unico vero e vivente Dio. <\/p>\n\n\n\n<div data-wp-interactive=\"core\/file\" class=\"wp-block-file\"><object data-wp-bind--hidden=\"!state.hasPdfPreview\" hidden class=\"wp-block-file__embed\" data=\"https:\/\/parrocchiadicermenate.it\/wp-content\/uploads\/2026\/03\/11-2026.pdf\" type=\"application\/pdf\" style=\"width:100%;height:600px\" aria-label=\"Incorporamento di 11-2026.\"><\/object><a id=\"wp-block-file--media-3ad85465-1fa9-4040-9809-c65bb0215981\" href=\"https:\/\/parrocchiadicermenate.it\/wp-content\/uploads\/2026\/03\/11-2026.pdf\">11-2026<\/a><a href=\"https:\/\/parrocchiadicermenate.it\/wp-content\/uploads\/2026\/03\/11-2026.pdf\" class=\"wp-block-file__button wp-element-button\" download aria-describedby=\"wp-block-file--media-3ad85465-1fa9-4040-9809-c65bb0215981\">Download<\/a><\/div>\n","protected":false},"excerpt":{"rendered":"<p>Credere o non credere in Dio? Ma non in un dio vago e generico, informe e astratto, ma nel Dio Padre di Ges\u00f9 Cristo. Perch\u00e9, se ci riflettiamo bene, \u00e8 pi\u00f9 facile credere di credere che credere veramente nella Trinit\u00e0 Misericordia infinita&#8230; Per questo abbiamo bisogno di Ges\u00f9 che con lo Spirito della verit\u00e0 ci [&hellip;]<\/p>\n","protected":false},"author":2,"featured_media":1360,"comment_status":"open","ping_status":"open","sticky":false,"template":"","format":"standard","meta":{"footnotes":""},"categories":[14],"tags":[33,36,20,34],"class_list":["post-1358","post","type-post","status-publish","format-standard","has-post-thumbnail","hentry","category-informatore","tag-eventi-parrocchiali","tag-foglio-parrocchiale","tag-parrocchia-cermenate","tag-vita-doratorio"],"_links":{"self":[{"href":"https:\/\/parrocchiadicermenate.it\/index.php?rest_route=\/wp\/v2\/posts\/1358","targetHints":{"allow":["GET"]}}],"collection":[{"href":"https:\/\/parrocchiadicermenate.it\/index.php?rest_route=\/wp\/v2\/posts"}],"about":[{"href":"https:\/\/parrocchiadicermenate.it\/index.php?rest_route=\/wp\/v2\/types\/post"}],"author":[{"embeddable":true,"href":"https:\/\/parrocchiadicermenate.it\/index.php?rest_route=\/wp\/v2\/users\/2"}],"replies":[{"embeddable":true,"href":"https:\/\/parrocchiadicermenate.it\/index.php?rest_route=%2Fwp%2Fv2%2Fcomments&post=1358"}],"version-history":[{"count":1,"href":"https:\/\/parrocchiadicermenate.it\/index.php?rest_route=\/wp\/v2\/posts\/1358\/revisions"}],"predecessor-version":[{"id":1361,"href":"https:\/\/parrocchiadicermenate.it\/index.php?rest_route=\/wp\/v2\/posts\/1358\/revisions\/1361"}],"wp:featuredmedia":[{"embeddable":true,"href":"https:\/\/parrocchiadicermenate.it\/index.php?rest_route=\/wp\/v2\/media\/1360"}],"wp:attachment":[{"href":"https:\/\/parrocchiadicermenate.it\/index.php?rest_route=%2Fwp%2Fv2%2Fmedia&parent=1358"}],"wp:term":[{"taxonomy":"category","embeddable":true,"href":"https:\/\/parrocchiadicermenate.it\/index.php?rest_route=%2Fwp%2Fv2%2Fcategories&post=1358"},{"taxonomy":"post_tag","embeddable":true,"href":"https:\/\/parrocchiadicermenate.it\/index.php?rest_route=%2Fwp%2Fv2%2Ftags&post=1358"}],"curies":[{"name":"wp","href":"https:\/\/api.w.org\/{rel}","templated":true}]}}