{"id":1449,"date":"2026-05-03T01:28:55","date_gmt":"2026-05-02T23:28:55","guid":{"rendered":"https:\/\/parrocchiadicermenate.it\/?p=1449"},"modified":"2026-05-03T01:28:55","modified_gmt":"2026-05-02T23:28:55","slug":"linformatore-del-3-maggio-2026","status":"publish","type":"post","link":"https:\/\/parrocchiadicermenate.it\/?p=1449","title":{"rendered":"L&#8217;Informatore del 3 maggio 2026"},"content":{"rendered":"\n<p>\u00abMaggio, vai adaggio\u00bb (errore voluto per la rima). Era il consiglio che i nostri vecchi davano per non scoprirsi troppo ai primi caldi che preannunciano l&#8217;estate sempre pi\u00f9 vicina (a questo seguiva l&#8217;altro: \u00abGiugno, apri il pugno\u00bb). L&#8217;andare adagio, per\u00f2, credo lo possiamo riferire anche al desiderio &#8211; quasi frenesia &#8211; che ci spinge a liberarci dei vincoli invernali. Le giornate che si sono allungate, il tepore del sole (a dire il vero fin troppo cocente in alcuni momenti), la natura che sboccia nei suoi fiori e nel suo verde tenero, ecc. ecc., spingono noi come gli animali a &#8220;uscire dalle tane&#8221;. Prova ne \u00e8 l&#8217;aumentata vivacit\u00e0 dei ragazzi in classe o le compagnie che schiamazzano maggiormente sostando fuori dai bar e sulle piazze. Il proverbio ci induce a indugiare ancora un po&#8217; a questa voglia di star fuori: ci sono ancora delle faccende da risolvere, non \u00e8 ancora estate piena, c&#8217;\u00e8 da lavorare e studiare ancora un po&#8217;. Ma anche nella vita di fede c&#8217;\u00e8 da andare adagio: per molti stanno arrivando le feste legate ai sacramenti (battesimi, comunioni, qualche matrimonio) o agli anniversari o alle feste dei patroni. Ci si prepara &#8220;adagio&#8221;, perch\u00e9 dopo la festa s\u00ec che bisogner\u00e0 uscire: non per evadere o andarsene, ma per mettersi a disposizione attivamente nel fare il bene, per fare pi\u00f9 bene possibile. Quindi ricevuti i sacramenti o celebrate le feste, dovremmo essere pi\u00f9 carichi ed entusiasti nell&#8217;aiutare e amare il prossimo e Dio che si fa prossimo con la sua Misericordia infinita.<\/p>\n\n\n\n<div data-wp-interactive=\"core\/file\" class=\"wp-block-file\"><object data-wp-bind--hidden=\"!state.hasPdfPreview\" hidden class=\"wp-block-file__embed\" data=\"https:\/\/parrocchiadicermenate.it\/wp-content\/uploads\/2026\/05\/18-2026.pdf\" type=\"application\/pdf\" style=\"width:100%;height:600px\" aria-label=\"Incorporamento di 18-2026.\"><\/object><a id=\"wp-block-file--media-f01c9035-2911-445b-b558-2aa91ac7db6a\" href=\"https:\/\/parrocchiadicermenate.it\/wp-content\/uploads\/2026\/05\/18-2026.pdf\">18-2026<\/a><a href=\"https:\/\/parrocchiadicermenate.it\/wp-content\/uploads\/2026\/05\/18-2026.pdf\" class=\"wp-block-file__button wp-element-button\" download aria-describedby=\"wp-block-file--media-f01c9035-2911-445b-b558-2aa91ac7db6a\">Download<\/a><\/div>\n","protected":false},"excerpt":{"rendered":"<p>\u00abMaggio, vai adaggio\u00bb (errore voluto per la rima). Era il consiglio che i nostri vecchi davano per non scoprirsi troppo ai primi caldi che preannunciano l&#8217;estate sempre pi\u00f9 vicina (a questo seguiva l&#8217;altro: \u00abGiugno, apri il pugno\u00bb). L&#8217;andare adagio, per\u00f2, credo lo possiamo riferire anche al desiderio &#8211; quasi frenesia &#8211; che ci spinge a [&hellip;]<\/p>\n","protected":false},"author":2,"featured_media":1451,"comment_status":"open","ping_status":"open","sticky":false,"template":"","format":"standard","meta":{"footnotes":""},"categories":[14],"tags":[17,33,36,35,20,34],"class_list":["post-1449","post","type-post","status-publish","format-standard","has-post-thumbnail","hentry","category-informatore","tag-diocesi-como","tag-eventi-parrocchiali","tag-foglio-parrocchiale","tag-orari-celebrazioni","tag-parrocchia-cermenate","tag-vita-doratorio"],"_links":{"self":[{"href":"https:\/\/parrocchiadicermenate.it\/index.php?rest_route=\/wp\/v2\/posts\/1449","targetHints":{"allow":["GET"]}}],"collection":[{"href":"https:\/\/parrocchiadicermenate.it\/index.php?rest_route=\/wp\/v2\/posts"}],"about":[{"href":"https:\/\/parrocchiadicermenate.it\/index.php?rest_route=\/wp\/v2\/types\/post"}],"author":[{"embeddable":true,"href":"https:\/\/parrocchiadicermenate.it\/index.php?rest_route=\/wp\/v2\/users\/2"}],"replies":[{"embeddable":true,"href":"https:\/\/parrocchiadicermenate.it\/index.php?rest_route=%2Fwp%2Fv2%2Fcomments&post=1449"}],"version-history":[{"count":1,"href":"https:\/\/parrocchiadicermenate.it\/index.php?rest_route=\/wp\/v2\/posts\/1449\/revisions"}],"predecessor-version":[{"id":1452,"href":"https:\/\/parrocchiadicermenate.it\/index.php?rest_route=\/wp\/v2\/posts\/1449\/revisions\/1452"}],"wp:featuredmedia":[{"embeddable":true,"href":"https:\/\/parrocchiadicermenate.it\/index.php?rest_route=\/wp\/v2\/media\/1451"}],"wp:attachment":[{"href":"https:\/\/parrocchiadicermenate.it\/index.php?rest_route=%2Fwp%2Fv2%2Fmedia&parent=1449"}],"wp:term":[{"taxonomy":"category","embeddable":true,"href":"https:\/\/parrocchiadicermenate.it\/index.php?rest_route=%2Fwp%2Fv2%2Fcategories&post=1449"},{"taxonomy":"post_tag","embeddable":true,"href":"https:\/\/parrocchiadicermenate.it\/index.php?rest_route=%2Fwp%2Fv2%2Ftags&post=1449"}],"curies":[{"name":"wp","href":"https:\/\/api.w.org\/{rel}","templated":true}]}}