{"id":847,"date":"2025-06-08T03:16:26","date_gmt":"2025-06-08T01:16:26","guid":{"rendered":"https:\/\/parrocchiadicermenate.it\/?p=847"},"modified":"2025-06-08T03:16:26","modified_gmt":"2025-06-08T01:16:26","slug":"festa-di-santantonio-2025","status":"publish","type":"post","link":"https:\/\/parrocchiadicermenate.it\/?p=847","title":{"rendered":"Festa di sant&#8217;Antonio 2025"},"content":{"rendered":"\n<p>\u00abIl Santo\u00bb, cos\u00ec lo chiamano a Padova. Non ha bisogno del nome che specifichi chi \u00e8 il santo in questione. Curioso: \u00abil Santo\u00bb \u00e8 uno dei modi in cui la Bibbia chiama Dio, per non pronunciarne il nome proprio. Ci\u00f2 potrebbe dirci che sant&#8217;Antonio ha raggiunto nella sua vita la santit\u00e0 che \u00e8 Dio e ce la mostra ancor oggi quando ammettiamo \u00abTroppa grazia, sant&#8217;Antonio\u00bb. Antonio ci mostra la santit\u00e0 di Dio, come uno specchio che ben riflette l&#8217;immagine. Ecco perch\u00e9 noi Cermenatesi ne celebriamo la memoria in modo grato e solenne.<\/p>\n\n\n\n<div data-wp-interactive=\"core\/file\" class=\"wp-block-file\"><object data-wp-bind--hidden=\"!state.hasPdfPreview\" hidden class=\"wp-block-file__embed\" data=\"https:\/\/parrocchiadicermenate.it\/wp-content\/uploads\/2025\/06\/Locandina_SAntonio2025.pdf\" type=\"application\/pdf\" style=\"width:100%;height:600px\" aria-label=\"Incorporamento di Locandina_SAntonio2025.\"><\/object><a id=\"wp-block-file--media-f13fedbb-4b45-44a6-b644-f240699503ac\" href=\"https:\/\/parrocchiadicermenate.it\/wp-content\/uploads\/2025\/06\/Locandina_SAntonio2025.pdf\">Locandina_SAntonio2025<\/a><a href=\"https:\/\/parrocchiadicermenate.it\/wp-content\/uploads\/2025\/06\/Locandina_SAntonio2025.pdf\" class=\"wp-block-file__button wp-element-button\" download aria-describedby=\"wp-block-file--media-f13fedbb-4b45-44a6-b644-f240699503ac\">Download<\/a><\/div>\n","protected":false},"excerpt":{"rendered":"<p>\u00abIl Santo\u00bb, cos\u00ec lo chiamano a Padova. Non ha bisogno del nome che specifichi chi \u00e8 il santo in questione. Curioso: \u00abil Santo\u00bb \u00e8 uno dei modi in cui la Bibbia chiama Dio, per non pronunciarne il nome proprio. Ci\u00f2 potrebbe dirci che sant&#8217;Antonio ha raggiunto nella sua vita la santit\u00e0 che \u00e8 Dio e [&hellip;]<\/p>\n","protected":false},"author":2,"featured_media":849,"comment_status":"open","ping_status":"open","sticky":false,"template":"","format":"standard","meta":{"footnotes":""},"categories":[29,27,22,26],"tags":[41,40,33,20],"class_list":["post-847","post","type-post","status-publish","format-standard","has-post-thumbnail","hentry","category-comunita","category-francescana","category-eventi-parrocchiali","category-gruppi","tag-comunita-francescana-di-cermenate","tag-convento-francescano-frati-minori","tag-eventi-parrocchiali","tag-parrocchia-cermenate"],"_links":{"self":[{"href":"https:\/\/parrocchiadicermenate.it\/index.php?rest_route=\/wp\/v2\/posts\/847","targetHints":{"allow":["GET"]}}],"collection":[{"href":"https:\/\/parrocchiadicermenate.it\/index.php?rest_route=\/wp\/v2\/posts"}],"about":[{"href":"https:\/\/parrocchiadicermenate.it\/index.php?rest_route=\/wp\/v2\/types\/post"}],"author":[{"embeddable":true,"href":"https:\/\/parrocchiadicermenate.it\/index.php?rest_route=\/wp\/v2\/users\/2"}],"replies":[{"embeddable":true,"href":"https:\/\/parrocchiadicermenate.it\/index.php?rest_route=%2Fwp%2Fv2%2Fcomments&post=847"}],"version-history":[{"count":1,"href":"https:\/\/parrocchiadicermenate.it\/index.php?rest_route=\/wp\/v2\/posts\/847\/revisions"}],"predecessor-version":[{"id":850,"href":"https:\/\/parrocchiadicermenate.it\/index.php?rest_route=\/wp\/v2\/posts\/847\/revisions\/850"}],"wp:featuredmedia":[{"embeddable":true,"href":"https:\/\/parrocchiadicermenate.it\/index.php?rest_route=\/wp\/v2\/media\/849"}],"wp:attachment":[{"href":"https:\/\/parrocchiadicermenate.it\/index.php?rest_route=%2Fwp%2Fv2%2Fmedia&parent=847"}],"wp:term":[{"taxonomy":"category","embeddable":true,"href":"https:\/\/parrocchiadicermenate.it\/index.php?rest_route=%2Fwp%2Fv2%2Fcategories&post=847"},{"taxonomy":"post_tag","embeddable":true,"href":"https:\/\/parrocchiadicermenate.it\/index.php?rest_route=%2Fwp%2Fv2%2Ftags&post=847"}],"curies":[{"name":"wp","href":"https:\/\/api.w.org\/{rel}","templated":true}]}}